{"dados":[{"ementa":"Eu, ROSIMEIRE BARBOSA SILV\u00c9RIO, Prefeita do Munic\u00edpio de Planalto, USANDO das atribui\u00e7\u00f5es que me s\u00e3o conferidas pelo art. 64, IX, da Lei Org\u00e2nica do Munic\u00edpio de Planalto","dataAtualizacao":"2026-04-10 09:35:46","dataInicioVigencia":null,"dataFimVigencia":null,"data":"2026-04-08","numero":48,"categoria":"Portaria","situacao":"Em vigor","descricao":""},{"ementa":"Eu, ROSIMEIRE BARBOSA SILV\u00c9RIO, Prefeita do Munic\u00edpio de Planalto, USANDO das atribui\u00e7\u00f5es que me s\u00e3o conferidas pelo art. 64, IX, da Lei Org\u00e2nica do Munic\u00edpio de Planalto","dataAtualizacao":"2026-04-10 09:35:02","dataInicioVigencia":null,"dataFimVigencia":null,"data":"2026-04-08","numero":47,"categoria":"Portaria","situacao":"Em vigor","descricao":""},{"ementa":"Eu, ROSIMEIRE BARBOSA SILV\u00c9RIO, Prefeita do Munic\u00edpio de Planalto, USANDO das atribui\u00e7\u00f5es que me s\u00e3o conferidas pelo art. 64, IX, da Lei Org\u00e2nica do Munic\u00edpio de Planalto","dataAtualizacao":"2026-04-10 09:34:10","dataInicioVigencia":null,"dataFimVigencia":null,"data":"2026-04-07","numero":46,"categoria":"Portaria","situacao":"Em vigor","descricao":""},{"ementa":"Eu, ROSIMEIRE BARBOSA SILV\u00c9RIO, Prefeita do Munic\u00edpio de Planalto, USANDO das atribui\u00e7\u00f5es que me s\u00e3o conferidas pelo art. 64, IX, da Lei Org\u00e2nica do Munic\u00edpio de Planalto","dataAtualizacao":"2026-04-10 09:33:12","dataInicioVigencia":null,"dataFimVigencia":null,"data":"2026-04-07","numero":45,"categoria":"Portaria","situacao":"Em vigor","descricao":""},{"ementa":"Eu, ROSIMEIRE BARBOSA SILV\u00c9RIO, Prefeita do Munic\u00edpio de Planalto, Comarca de Buritama, Estado de S\u00e3o Paulo, USANDO das atribui\u00e7\u00f5es que me s\u00e3o conferidas, etc","dataAtualizacao":"2026-04-10 09:32:22","dataInicioVigencia":null,"dataFimVigencia":null,"data":"2026-04-06","numero":44,"categoria":"Portaria","situacao":"Em vigor","descricao":""},{"ementa":"Eu, ROSIMEIRE BARBOSA SILV\u00c9RIO, Prefeita do Munic\u00edpio de Planalto, USANDO das atribui\u00e7\u00f5es que me s\u00e3o conferidas pelo art. 64, IX, da Lei Org\u00e2nica do Munic\u00edpio de Planalto;","dataAtualizacao":"2026-04-10 09:30:13","dataInicioVigencia":null,"dataFimVigencia":null,"data":"2026-04-06","numero":43,"categoria":"Portaria","situacao":"Em vigor","descricao":""},{"ementa":"Eu, ROSIMEIRE BARBOSA SILV\u00c9RIO, Prefeita do Munic\u00edpio de Planalto, USANDO das atribui\u00e7\u00f5es que me s\u00e3o conferidas pelo art. 64, IX, da Lei Org\u00e2nica do Munic\u00edpio de Planalto;","dataAtualizacao":"2026-04-10 09:29:19","dataInicioVigencia":null,"dataFimVigencia":null,"data":"2026-03-31","numero":42,"categoria":"Portaria","situacao":"Em vigor","descricao":""},{"ementa":"Eu, ROSIMEIRE BARBOSA SILV\u00c9RIO, Prefeita do Munic\u00edpio de Planalto, USANDO das atribui\u00e7\u00f5es que me s\u00e3o conferidas pelo art. 64, IX, da Lei Org\u00e2nica do Munic\u00edpio de Planalto;","dataAtualizacao":"2026-04-10 09:28:16","dataInicioVigencia":null,"dataFimVigencia":null,"data":"2026-03-31","numero":41,"categoria":"Portaria","situacao":"Em vigor","descricao":""},{"ementa":"Eu, ROSIMEIRE BARBOSA SILV\u00c9RIO, Prefeita do Munic\u00edpio de Planalto, USANDO das atribui\u00e7\u00f5es que me s\u00e3o conferidas pelo art. 64, IX, da Lei Org\u00e2nica do Munic\u00edpio de Planalto;","dataAtualizacao":"2026-04-10 09:27:22","dataInicioVigencia":null,"dataFimVigencia":null,"data":"2026-03-31","numero":40,"categoria":"Portaria","situacao":"Em vigor","descricao":""},{"ementa":"Decreta ponto facultativo nos \u00f3rg\u00e3os p\u00fablicos do Munic\u00edpio em decorr\u00eancia do feriado de QUINTA-FEIRA SANTA e d\u00e1 outras provid\u00eancias que especifica.","dataAtualizacao":"2026-03-30 15:25:51","dataInicioVigencia":null,"dataFimVigencia":null,"data":"2026-03-30","numero":10,"categoria":"Decreto","situacao":"Em vigor","descricao":""},{"ementa":"^INSTITUI GRATIFICA\u00c7\u00c3O POR DESEMPENHO E RESPONSABILIDADE T\u00c9CNICA NO \u00c2MBITO DA SECRETARIA MUNICIPAL DE SA\u00daDE E D\u00c1 OUTRAS PROVID\u00caNCIAS&quot;.","dataAtualizacao":"2026-04-08 16:38:04","dataInicioVigencia":null,"dataFimVigencia":null,"data":"2026-03-30","numero":1,"categoria":"Lei Complementar","situacao":"Em vigor","descricao":""},{"ementa":"Regulamenta o disposto no art. 7a da Lei Complementar n 01\/2015 para adotar a Taxa Referencial do Sistema Especial de Liquida\u00e7\u00e3o e de Cust\u00f3dia - SELIC como \u00edndice de atualiza\u00e7\u00e3o monet\u00e1ria e de encargos morat\u00f3rios dos cr\u00e9ditos fazend\u00e1rios do Munic\u00edpio de Planalto, em conson\u00e2ncia com o art. 3 da EC 113\/2021, e com a tese de repercuss\u00e3o geral fixada pelo STF no Tema 1419 (ARE 1.557.312), julgado em 25 de agosto de 2025, e d\u00e1 outras provid\u00eancias.","dataAtualizacao":"2026-03-30 15:43:26","dataInicioVigencia":null,"dataFimVigencia":null,"data":"2026-03-27","numero":9,"categoria":"Decreto","situacao":"Em vigor","descricao":""},{"ementa":"Eu, ROSIMEIRE BARBOSA SILV\u00c9RIO, Prefeita do Munic\u00edpio de Planalto, USANDO das atribui\u00e7\u00f5es que me s\u00e3o conferidas pelo art. 64, IX, da Lei Org\u00e2nica do Munic\u00edpio de Planalto;","dataAtualizacao":"2026-03-30 15:53:00","dataInicioVigencia":null,"dataFimVigencia":null,"data":"2026-03-26","numero":36,"categoria":"Portaria","situacao":"Em vigor","descricao":""},{"ementa":"Eu, ROSIMEIRE BARBOSA SILV\u00c9RIO, Prefeita do Munic\u00edpio de Planalto, Comarca de Buritama, Estado de S\u00e3o Paulo, USANDO das atribui\u00e7\u00f5es que me s\u00e3o conferidas por lei;","dataAtualizacao":"2026-03-30 15:55:24","dataInicioVigencia":null,"dataFimVigencia":null,"data":"2026-03-20","numero":39,"categoria":"Portaria","situacao":"Em vigor","descricao":""},{"ementa":"Eu, ROSIMEIRE BARBOSA SILV\u00c9RIO, Prefeita do Munic\u00edpio de Planalto, Comarca de Buritama, Estado de S\u00e3o Paulo, USANDO das atribui\u00e7\u00f5es que me s\u00e3o conferidas por lei;;","dataAtualizacao":"2026-03-30 15:54:45","dataInicioVigencia":null,"dataFimVigencia":null,"data":"2026-03-20","numero":38,"categoria":"Portaria","situacao":"Em vigor","descricao":""},{"ementa":"Eu, ROSIMEIRE BARBOSA SILV\u00c9RIO, Prefeita do Munic\u00edpio de Planalto, USANDO das atribui\u00e7\u00f5es que me s\u00e3o conferidas pelo art. 64, IX, da Lei Org\u00e2nica do Munic\u00edpio de Planalto;","dataAtualizacao":"2026-03-30 15:53:43","dataInicioVigencia":null,"dataFimVigencia":null,"data":"2026-03-20","numero":37,"categoria":"Portaria","situacao":"Em vigor","descricao":""},{"ementa":"Eu, ROSIMEIRE BARBOSA SILV\u00c9RIO, Prefeita do Munic\u00edpio de Planalto, USANDO das atribui\u00e7\u00f5es que me s\u00e3o conferidas pelo art. 64, IX, da Lei Org\u00e2nica do Munic\u00edpio de Planalto;","dataAtualizacao":"2026-03-30 15:51:37","dataInicioVigencia":null,"dataFimVigencia":null,"data":"2026-03-13","numero":35,"categoria":"Portaria","situacao":"Em vigor","descricao":""},{"ementa":"&quot;HOMOLOGA 0 RESULTADO CLASSIFICAT\u00d3RIO FINAL DEFINITIVO DO PROCESSO SELETIVO N. 001\/2026 DA PREFEITURA MUNICIPAL DE PLANALTO\/SP, DESTINADO \u00c0 CONTRATA\u00c7\u00c3O TEMPOR\u00c1RIA DE PROFESSOR DE EDUCA\u00c7\u00c3O B\u00c1SICA I, E D\u00c1 OUTRAS PROVID\u00caNCIAS.&quot;","dataAtualizacao":"2026-03-20 08:34:48","dataInicioVigencia":null,"dataFimVigencia":null,"data":"2026-03-12","numero":8,"categoria":"Decreto","situacao":"Em vigor","descricao":""},{"ementa":"Cria o Comit\u00ea Gestor de Acompanhamento e Sele\u00e7\u00e3o de Projetos, da Pol\u00edtica Nacional Aldir Blanc (Lei Federal n. 14.399\/2022), Ciclo 2.","dataAtualizacao":"2026-03-20 09:09:10","dataInicioVigencia":null,"dataFimVigencia":null,"data":"2026-03-06","numero":34,"categoria":"Portaria","situacao":"Em vigor","descricao":""},{"ementa":"Eu, ROSIMEIRE BARBOSA SILV\u00c9RIO, Prefeita do Munic\u00edpio de Planalto, USANDO das atribui\u00e7\u00f5es que me s\u00e3o conferidas pelo art. 64, IX, da Lei Org\u00e2nica do Munic\u00edpio de Planalto;","dataAtualizacao":"2026-03-30 15:50:58","dataInicioVigencia":null,"dataFimVigencia":null,"data":"2026-03-06","numero":33,"categoria":"Portaria","situacao":"Em vigor","descricao":""},{"ementa":"Eu, ROSIMEIRE BARBOSA SILV\u00c9RIO, Prefeita do Munic\u00edpio de Planalto, USANDO das atribui\u00e7\u00f5es que me s\u00e3o conferidas pelo art. 64, IX, da Lei Org\u00e2nica do Munic\u00edpio de Planalto;","dataAtualizacao":"2026-03-20 08:59:36","dataInicioVigencia":null,"dataFimVigencia":null,"data":"2026-03-06","numero":33,"categoria":"Portaria","situacao":"Em vigor","descricao":""},{"ementa":"Eu, ROSIMEIRE BARBOSA SILV\u00c9RIO, Prefeita do Munic\u00edpio de Planalto, USANDO das atribui\u00e7\u00f5es que me s\u00e3o conferidas pelo art. 64, IX, da Lei Org\u00e2nica do Munic\u00edpio de Planalto;","dataAtualizacao":"2026-03-20 08:57:50","dataInicioVigencia":null,"dataFimVigencia":null,"data":"2026-03-03","numero":32,"categoria":"Portaria","situacao":"Em vigor","descricao":""},{"ementa":"Eu, ROSIMEIRE BARBOSA SILV\u00c9RIO, Prefeita do Munic\u00edpio de Planalto, Comarca de Buritama, Estado de S\u00e3o Paulo, USANDO das atribui\u00e7\u00f5es que me s\u00e3o conferidas por lei;","dataAtualizacao":"2026-03-20 08:56:40","dataInicioVigencia":null,"dataFimVigencia":null,"data":"2026-02-27","numero":31,"categoria":"Portaria","situacao":"Em vigor","descricao":""},{"ementa":"Eu, ROSIMEIRE BARBOSA SILV\u00c9RIO, Prefeita do Munic\u00edpio de Planalto, USANDO das atribui\u00e7\u00f5es que me s\u00e3o conferidas pelo art. 64, IX, da Lei Org\u00e2nica do Munic\u00edpio de Planalto;","dataAtualizacao":"2026-03-30 15:50:05","dataInicioVigencia":null,"dataFimVigencia":null,"data":"2026-02-27","numero":31,"categoria":"Portaria","situacao":"Em vigor","descricao":""},{"ementa":"Eu, ROSIMEIRE BARBOSA SILV\u00c9RIO, Prefeita do Munic\u00edpio de Planalto, Comarca de Buritama, Estado de S\u00e3o Paulo, USANDO das atribui\u00e7\u00f5es que me s\u00e3o conferidas por lei;","dataAtualizacao":"2026-03-20 08:55:42","dataInicioVigencia":null,"dataFimVigencia":null,"data":"2026-02-27","numero":30,"categoria":"Portaria","situacao":"Em vigor","descricao":""},{"ementa":"Eu, ROSIMEIRE BARBOSA SILV\u00c9RIO, Prefeita do Munic\u00edpio de Planalto, USANDO das atribui\u00e7\u00f5es que me s\u00e3o conferidas pelo art. 64, IX, da Lei Org\u00e2nica do Munic\u00edpio de Planalto;.","dataAtualizacao":"2026-03-20 08:54:30","dataInicioVigencia":null,"dataFimVigencia":null,"data":"2026-02-27","numero":29,"categoria":"Portaria","situacao":"Em vigor","descricao":""},{"ementa":"Eu, ROSIMEIRE BARBOSA SILV\u00c9RIO, Prefeita do Munic\u00edpio de Planalto, USANDO das atribui\u00e7\u00f5es que me s\u00e3o conferidas pelo art. 64, IX, da Lei Org\u00e2nica do Munic\u00edpio de Planalto;.","dataAtualizacao":"2026-03-20 08:52:56","dataInicioVigencia":null,"dataFimVigencia":null,"data":"2026-02-27","numero":28,"categoria":"Portaria","situacao":"Em vigor","descricao":""},{"ementa":"Eu, ROSIMEIRE BARBOSA SILV\u00c9RIO, Prefeita do Munic\u00edpio de Planalto, USANDO das atribui\u00e7\u00f5es que me s\u00e3o conferidas pelo art. 64, IX, da Lei Org\u00e2nica do Munic\u00edpio de Planalto;.","dataAtualizacao":"2026-03-20 08:51:51","dataInicioVigencia":null,"dataFimVigencia":null,"data":"2026-02-27","numero":27,"categoria":"Portaria","situacao":"Em vigor","descricao":""},{"ementa":"Eu, ROSIMEIRE BARBOSA SILV\u00c9RIO, Prefeita do Munic\u00edpio de Planalto, USANDO das atribui\u00e7\u00f5es que me s\u00e3o conferidas pelo art. 64, IX, da Lei Org\u00e2nica do Munic\u00edpio de Planalto;.","dataAtualizacao":"2026-03-20 08:51:07","dataInicioVigencia":null,"dataFimVigencia":null,"data":"2026-02-27","numero":26,"categoria":"Portaria","situacao":"Em vigor","descricao":""},{"ementa":"Eu, ROSIMEIRE BARBOSA SILV\u00c9RIO, Prefeita do Munic\u00edpio de Planalto, USANDO das atribui\u00e7\u00f5es que me s\u00e3o conferidas pelo art. 64, IX, da Lei Org\u00e2nica do Munic\u00edpio de Planalto;.","dataAtualizacao":"2026-03-20 08:50:16","dataInicioVigencia":null,"dataFimVigencia":null,"data":"2026-02-27","numero":25,"categoria":"Portaria","situacao":"Em vigor","descricao":""},{"ementa":"Eu, ROSIMEIRE BARBOSA SILV\u00c9RIO, Prefeita do Munic\u00edpio de Planalto, USANDO das atribui\u00e7\u00f5es que me s\u00e3o conferidas pelo art. 64, IX, da Lei Org\u00e2nica do Munic\u00edpio de Planalto;.","dataAtualizacao":"2026-03-20 08:49:15","dataInicioVigencia":null,"dataFimVigencia":null,"data":"2026-02-26","numero":23,"categoria":"Portaria","situacao":"Em vigor","descricao":""},{"ementa":"Eu, ROSIMEIRE BARBOSA SILV\u00c9RIO, Prefeita do Munic\u00edpio de Planalto, USANDO das atribui\u00e7\u00f5es que me s\u00e3o conferidas pelo art. 64, IX, da Lei Org\u00e2nica do Munic\u00edpio de Planalto;.","dataAtualizacao":"2026-03-20 08:47:59","dataInicioVigencia":null,"dataFimVigencia":null,"data":"2026-02-24","numero":22,"categoria":"Portaria","situacao":"Em vigor","descricao":""},{"ementa":"Eu, ROSIMEIRE BARBOSA SILV\u00c9RIO, Prefeita do Munic\u00edpio de Planalto, USANDO das atribui\u00e7\u00f5es que me s\u00e3o conferidas pelo art. 64, IX, da Lei Org\u00e2nica do Munic\u00edpio de Planalto;.","dataAtualizacao":"2026-03-20 08:45:41","dataInicioVigencia":null,"dataFimVigencia":null,"data":"2026-02-23","numero":21,"categoria":"Portaria","situacao":"Em vigor","descricao":""},{"ementa":"Eu, ROSIMEIRE BARBOSA SILV\u00c9RIO, Prefeita do Munic\u00edpio de Planalto, USANDO das atribui\u00e7\u00f5es que me s\u00e3o conferidas pelo art. 64, IX, da Lei Org\u00e2nica do Munic\u00edpio de Planalto;.","dataAtualizacao":"2026-03-20 08:44:42","dataInicioVigencia":null,"dataFimVigencia":null,"data":"2026-02-20","numero":20,"categoria":"Portaria","situacao":"Em vigor","descricao":""},{"ementa":"&quot;Institui o Di\u00e1rio Oficial Eletr\u00f4nico da C\u00e2mara Municipal de Planalto&quot;.","dataAtualizacao":"2026-03-20 09:34:13","dataInicioVigencia":null,"dataFimVigencia":null,"data":"2026-02-10","numero":9,"categoria":"Lei Ordin\u00e1ria","situacao":"Em vigor","descricao":""},{"ementa":"&quot;INSTITUI, NO \u00c2MBITO DO MUNIC\u00cdPIO DE PLANALTO\/SP, A PRIORIDADE DE ATENDIMENTO \u00c0S PESSOAS COM FIBROMIALGIA E D\u00c1 OUTRAS PROVID\u00caNCIAS&quot;.","dataAtualizacao":"2026-03-20 09:31:57","dataInicioVigencia":null,"dataFimVigencia":null,"data":"2026-02-10","numero":8,"categoria":"Lei Ordin\u00e1ria","situacao":"Em vigor","descricao":""},{"ementa":"&quot;Autoriza concess\u00e3o de repasses e subven\u00e7\u00e3o social ao Lar dos Velhos S\u00e3o Camilo de Leles, na cidade de Buritama - SP.&quot;","dataAtualizacao":"2026-03-20 09:30:09","dataInicioVigencia":null,"dataFimVigencia":null,"data":"2026-02-10","numero":7,"categoria":"Lei Ordin\u00e1ria","situacao":"Em vigor","descricao":""},{"ementa":"&quot;Autoriza concess\u00e3o de repasses e subven\u00e7\u00f5es sociais a entidade filantr\u00f3pica que espec\u00edfica, dando outras provid\u00eancias legais&quot;","dataAtualizacao":"2026-03-20 09:29:05","dataInicioVigencia":null,"dataFimVigencia":null,"data":"2026-02-10","numero":6,"categoria":"Lei Ordin\u00e1ria","situacao":"Em vigor","descricao":""},{"ementa":"&quot;DISP\u00d5E SOBRE AUTORIZA\u00c7\u00c3O DE CONCESS\u00c3O DE REPASSES E SUBVEN\u00c7\u00d5ES SOCIAIS A ENTIDADE FILANTR\u00d3PICA QUE ESPECIFICA, DANDO OUTRAS\r\nPROVID\u00caNCIAS LEGAIS&quot;","dataAtualizacao":"2026-03-20 09:28:12","dataInicioVigencia":null,"dataFimVigencia":null,"data":"2026-02-10","numero":5,"categoria":"Lei Ordin\u00e1ria","situacao":"Em vigor","descricao":""},{"ementa":"&quot;Disp\u00f5e sobre a abertura de processo seletivo e designa a respectiva comiss\u00e3o.&quot;","dataAtualizacao":"2026-03-20 09:39:40","dataInicioVigencia":null,"dataFimVigencia":null,"data":"2026-02-09","numero":6,"categoria":"Decreto","situacao":"Em vigor","descricao":""},{"ementa":"Eu, ROSIMEIRE BARBOSA SILV\u00c9RIO, Prefeita do Munic\u00edpio de Planalto, USANDO das atribui\u00e7\u00f5es que me s\u00e3o conferidas pelo art. 64, IX, da Lei Org\u00e2nica do Munic\u00edpio de Planalto;","dataAtualizacao":"2026-02-19 15:06:46","dataInicioVigencia":null,"dataFimVigencia":null,"data":"2026-02-06","numero":18,"categoria":"Portaria","situacao":"Em vigor","descricao":""},{"ementa":"Eu, ROSIMEIRE BARBOSA SILV\u00c9RIO, Prefeita do Munic\u00edpio de Planalto, USANDO das atribui\u00e7\u00f5es que me s\u00e3o conferidas pelo art. 64, IX, da Lei Org\u00e2nica do Munic\u00edpio de Planalto;","dataAtualizacao":"2026-02-19 15:05:30","dataInicioVigencia":null,"dataFimVigencia":null,"data":"2026-02-06","numero":17,"categoria":"Portaria","situacao":"Em vigor","descricao":""},{"ementa":"&quot;INSTAURA PROCESSO ADMINISTRATIVO DISCIPLINAR EM FACE DO^SERVIDOR M\u00c1RCIO ANT\u00d4NIO BATISTA DA SILVA, M\u00c9DICO, E D\u00c1 OUTRAS PROVID\u00caNCIAS.&quot;","dataAtualizacao":"2026-03-20 08:20:49","dataInicioVigencia":null,"dataFimVigencia":null,"data":"2026-02-06","numero":16,"categoria":"Portaria","situacao":"Em vigor","descricao":""},{"ementa":"Decreta ponto facultativo nos \u00f3rg\u00e3os p\u00fablicos do Munic\u00edpio em decorr\u00eancia do feriado carnavalesco e d\u00e1 outras provid\u00eancias que especifica.","dataAtualizacao":"2026-03-20 08:33:52","dataInicioVigencia":null,"dataFimVigencia":null,"data":"2026-02-06","numero":5,"categoria":"Decreto","situacao":"Em vigor","descricao":""},{"ementa":"Eu, ROSIMEIRE BARBOSA SILV\u00c9R1O, Prefeita do Munic\u00edpio de Planalto, Comarca de Buritama, Estado de S\u00e3o Paulo, USANDO das atribui\u00e7\u00f5es que me s\u00e3o conferidas por lei;\/","dataAtualizacao":"2026-02-19 15:03:07","dataInicioVigencia":null,"dataFimVigencia":null,"data":"2026-01-30","numero":15,"categoria":"Portaria","situacao":"Em vigor","descricao":""},{"ementa":"Eu, ROSIMEIRE BARBOSA SILV\u00c9R1O, Prefeita do Munic\u00edpio de Planalto, Comarca de Buritama, Estado de S\u00e3o Paulo, USANDO das atribui\u00e7\u00f5es que me s\u00e3o conferidas por lei;\/","dataAtualizacao":"2026-02-19 15:02:16","dataInicioVigencia":null,"dataFimVigencia":null,"data":"2026-01-30","numero":14,"categoria":"Portaria","situacao":"Em vigor","descricao":""},{"ementa":"Eu, ROSIMEIRE BARBOSA SILV\u00c9RIO, Prefeita do Munic\u00edpio de Planalto, USANDO das atribui\u00e7\u00f5es que me s\u00e3o conferidas pelo-art. 64, IX, da Lei Org\u00e2nica do Munic\u00edpio de Planalto;","dataAtualizacao":"2026-02-19 15:01:30","dataInicioVigencia":null,"dataFimVigencia":null,"data":"2026-01-30","numero":13,"categoria":"Portaria","situacao":"Em vigor","descricao":""},{"ementa":"Eu, ROSIMEIRE BARBOSA SILV\u00c9RIO, Prefeita do Munic\u00edpio de Planalto, USANDO das atribui\u00e7\u00f5es que me s\u00e3o conferidas pelo-art. 64, IX, da Lei Org\u00e2nica do Munic\u00edpio de Planalto;","dataAtualizacao":"2026-02-19 15:00:36","dataInicioVigencia":null,"dataFimVigencia":null,"data":"2026-01-30","numero":12,"categoria":"Portaria","situacao":"Em vigor","descricao":""},{"ementa":"Eu, ROSIMEIRE BARBOSA SILV\u00c9RIO, Prefeita do Munic\u00edpio de Planalto, USANDO das atribui\u00e7\u00f5es que me s\u00e3o conferidas pelo-art. 64, IX, da Lei Org\u00e2nica do Munic\u00edpio de\r\nPlanalto;","dataAtualizacao":"2026-02-19 14:59:32","dataInicioVigencia":null,"dataFimVigencia":null,"data":"2026-01-30","numero":11,"categoria":"Portaria","situacao":"Em vigor","descricao":""},{"ementa":"Eu, ROSIMEIRE BARBOSA SILV\u00c9RIO, Prefeita do Munic\u00edpio de Planalto, USANDO das atribui\u00e7\u00f5es que me s\u00e3o conferidas pelo-art. 64, IX, da Lei Org\u00e2nica do Munic\u00edpio de\r\nPlanalto;","dataAtualizacao":"2026-02-19 14:58:26","dataInicioVigencia":null,"dataFimVigencia":null,"data":"2026-01-30","numero":10,"categoria":"Portaria","situacao":"Em vigor","descricao":""},{"ementa":"Eu, ROSIMEIRE BARBOSA SILV\u00c9RIO, Prefeita do Munic\u00edpio de Planalto, USANDO das atribui\u00e7\u00f5es que me s\u00e3o conferidas pelo art. 64, IX, da Lei Org\u00e2nica do Munic\u00edpio de Planalto;^","dataAtualizacao":"2026-02-19 14:57:31","dataInicioVigencia":null,"dataFimVigencia":null,"data":"2026-01-30","numero":9,"categoria":"Portaria","situacao":"Em vigor","descricao":""},{"ementa":"Eu, ROSIMEIRE BARBOSA SILV\u00c9RIO, Prefeita do Munic\u00edpio de Planalto, USANDO das atribui\u00e7\u00f5es que me s\u00e3o conferidas pelo art. 64, IX, da Lei Org\u00e2nica do Munic\u00edpio de Planalto;","dataAtualizacao":"2026-02-19 14:56:27","dataInicioVigencia":null,"dataFimVigencia":null,"data":"2026-01-30","numero":8,"categoria":"Portaria","situacao":"Em vigor","descricao":""},{"ementa":"&quot;DISP\u00d5E SOBRE A PROIBI\u00c7\u00c3O DE VENDA, FORNECIMENTO, PORTE E CONSUMO DE BEBIDAS ALCO\u00d3LICAS, REFRIGERANTESESIMILARES ACONDICIONADOS EM RECIPIENTES DE VIDRO, DURANTE AS FESTIVIDADES DE PR\u00c9-CARNAVAL.&quot;","dataAtualizacao":"2026-03-20 09:38:41","dataInicioVigencia":null,"dataFimVigencia":null,"data":"2026-01-26","numero":4,"categoria":"Decreto","situacao":"Em vigor","descricao":""},{"ementa":"&quot;Disp\u00f5e sobre designa\u00e7\u00e3o de servidor p\u00fablico para exercer as atribui\u00e7\u00f5es de Auxiliar de Transporte de Gabinete e d\u00e1 outras provid\u00eancias.&quot; .. .","dataAtualizacao":"2026-02-19 14:55:29","dataInicioVigencia":null,"dataFimVigencia":null,"data":"2026-01-23","numero":7,"categoria":"Portaria","situacao":"Em vigor","descricao":""},{"ementa":"\u201cREGULAMENTA A LEI MUNICIPAL N\u00ba 048\/2025 (PROGRAMA BOLSA TRABALHO PLANALTO) E D\u00c1 PROVID\u00caNCIAS.\u201d","dataAtualizacao":"2026-03-20 08:31:10","dataInicioVigencia":null,"dataFimVigencia":null,"data":"2026-01-21","numero":3,"categoria":"Decreto Legislativo","situacao":"Em vigor","descricao":""},{"ementa":"&quot;DESIGNA COMISS\u00c3O ESPECIFICA PARA AVALIA\u00c7\u00c3O DE EUCALIPTOS EXISTENTES EM IM\u00d3VEIS DE PROPRIEDADE DO MUNIC\u00cdPIO, VISANDO \u00c0 ALIENA\u00c7\u00c3O POR LEIL\u00c3O, E D\u00c1 OUTRAS PROVID\u00caNCIAS.&quot;.","dataAtualizacao":"2026-02-19 14:54:31","dataInicioVigencia":null,"dataFimVigencia":null,"data":"2026-01-20","numero":6,"categoria":"Portaria","situacao":"Em vigor","descricao":""},{"ementa":"Eu, ROSIMEIRE BARBOSA SILV\u00c9RIO, Prefeita do Munic\u00edpio de Planalto, USANDO das atribui\u00e7\u00f5es que me s\u00e3o conferidas pelo art. 64, IX, da Lei Org\u00e2nica do Munic\u00edpio de Planalto;","dataAtualizacao":"2026-02-19 14:53:23","dataInicioVigencia":null,"dataFimVigencia":null,"data":"2026-01-20","numero":5,"categoria":"Portaria","situacao":"Em vigor","descricao":""},{"ementa":"&quot;Disp\u00f5e sobre a nomea\u00e7\u00e3o de servidores para Sindic\u00e2ncias Administrativas&quot;","dataAtualizacao":"2026-02-19 14:52:03","dataInicioVigencia":null,"dataFimVigencia":null,"data":"2026-01-20","numero":4,"categoria":"Portaria","situacao":"Em vigor","descricao":""},{"ementa":"DISP\u00d5E SOBRE A CONCESS\u00c3O DE REPOSI\u00c7\u00c3O SALARIAL AOS SERVIDORES DO QUADRO DE PESSOAL DA C\u00c2MARA MUNICIPAL DE PLANALTO, E D\u00c1 OUTRAS\r\nPROVID\u00caNCIAS.","dataAtualizacao":"2026-01-16 15:18:50","dataInicioVigencia":null,"dataFimVigencia":null,"data":"2026-01-16","numero":4,"categoria":"Lei Ordin\u00e1ria","situacao":"Em vigor","descricao":""},{"ementa":"^Autoriza a abertura de cr\u00e9dito adicional especial&quot;","dataAtualizacao":"2026-01-16 15:17:52","dataInicioVigencia":null,"dataFimVigencia":null,"data":"2026-01-16","numero":3,"categoria":"Lei Ordin\u00e1ria","situacao":"Em vigor","descricao":""},{"ementa":"&quot;Autoriza a abertura de Cr\u00e9dito Adicional Especial&quot;","dataAtualizacao":"2026-01-16 15:16:43","dataInicioVigencia":null,"dataFimVigencia":null,"data":"2026-01-16","numero":2,"categoria":"Lei Ordin\u00e1ria","situacao":"Em vigor","descricao":""},{"ementa":"&quot;Autoriza a abertura de cr\u00e9dito adicional suplementar&quot;","dataAtualizacao":"2026-01-16 15:15:45","dataInicioVigencia":null,"dataFimVigencia":null,"data":"2026-01-16","numero":1,"categoria":"Lei Ordin\u00e1ria","situacao":"Em vigor","descricao":""},{"ementa":"Eu, ROSIMEIRE BARBOSA SILV\u00c9RIO, Prefeita do Munic\u00edpio de Planalto, Comarca de Buritama, Estado de S\u00e3o Paulo, USANDO das atribui\u00e7\u00f5es que me s\u00e3o conferidas por lei;","dataAtualizacao":"2026-02-19 14:27:49","dataInicioVigencia":null,"dataFimVigencia":null,"data":"2026-01-08","numero":3,"categoria":"Portaria","situacao":"Em vigor","descricao":""},{"ementa":"&quot;Aplica penalidade de advert\u00eancia escrita \u00e0s servidoras que menciona e d\u00e1 outras provid\u00eancias&quot;.","dataAtualizacao":"2026-02-19 14:26:13","dataInicioVigencia":null,"dataFimVigencia":null,"data":"2026-01-08","numero":2,"categoria":"Portaria","situacao":"Em vigor","descricao":""},{"ementa":"&quot;Disp\u00f5e sobre o arquivamento da Sindic\u00e2ncia Administrativa n\u00ba 002\/2025, instaurada pela Portaria n\u00ba 083\/2025, e d\u00e1 outras provid\u00eancias.&quot;","dataAtualizacao":"2026-02-19 14:15:19","dataInicioVigencia":null,"dataFimVigencia":null,"data":"2026-01-08","numero":1,"categoria":"Portaria","situacao":"Em vigor","descricao":""},{"ementa":"Abre no or\u00e7amento vigente cr\u00e9dito adicional SUPLEMENTAR e da outras provid\u00eancias","dataAtualizacao":"2026-03-20 09:36:43","dataInicioVigencia":null,"dataFimVigencia":null,"data":"2026-01-06","numero":2,"categoria":"Decreto","situacao":"Em vigor","descricao":""},{"ementa":"&quot;DISP\u00d5E SOBRE ATUALIZA\u00c7\u00c3O MONET\u00c1RIA DOS TRIBUTOS E TAXAS MUNICIPAIS EM RELA\u00c7\u00c3O AO EXERC\u00cdCIO DE 2026 E D\u00c1 OUTRAS PROVID\u00caNCIAS&quot;.","dataAtualizacao":"2026-01-16 15:19:52","dataInicioVigencia":null,"dataFimVigencia":null,"data":"2026-01-05","numero":1,"categoria":"Decreto Executivo","situacao":"Em vigor","descricao":""},{"ementa":"Eu, ROSIMEIRE BARBOSA SILV\u00c9RIO, Prefeita do Munic\u00edpio de Planalto, Comarca de Buritama, Estado de S\u00e3o Paulo, USANDO das atribui\u00e7\u00f5es que me s\u00e3o conferidas por lei;&#039;","dataAtualizacao":"2026-01-16 15:40:15","dataInicioVigencia":null,"dataFimVigencia":null,"data":"2025-12-30","numero":146,"categoria":"Portaria","situacao":"Em vigor","descricao":""},{"ementa":"Eu, ROSIMEIRE BARBOSA SILV\u00c9RIO, Prefeita do Munic\u00edpio de Planalto, Comarca de Buritama, Estado de S\u00e3o Paulo, USANDO das atribui\u00e7\u00f5es que me s\u00e3o conferidas por lei;&#039;","dataAtualizacao":"2026-01-16 15:38:20","dataInicioVigencia":null,"dataFimVigencia":null,"data":"2025-12-30","numero":145,"categoria":"Portaria","situacao":"Em vigor","descricao":""},{"ementa":"Eu, ROSIMEIRE BARBOSA SILV\u00c9RIO, Prefeita do Munic\u00edpio de Planalto, Comarca de Buritama, Estado de S\u00e3o Paulo, USANDO das atribui\u00e7\u00f5es que me s\u00e3o conferidas por lei;&#039;","dataAtualizacao":"2026-01-16 15:37:32","dataInicioVigencia":null,"dataFimVigencia":null,"data":"2025-12-30","numero":144,"categoria":"Portaria","situacao":"Em vigor","descricao":""},{"ementa":"Eu, ROSIMEIRE BARBOSA SILV\u00c9RIO, Prefeita do Munic\u00edpio de Planalto, Comarca de Buritama, Estado de S\u00e3o Paulo, USANDO das atribui\u00e7\u00f5es que me s\u00e3o conferidas por lei;&#039;","dataAtualizacao":"2026-01-16 15:36:13","dataInicioVigencia":null,"dataFimVigencia":null,"data":"2025-12-30","numero":143,"categoria":"Portaria","situacao":"Em vigor","descricao":""},{"ementa":"Eu, ROSIMEIRE BARBOSA SILV\u00c9RIO, Prefeita do Munic\u00edpio de Planalto, Comarca de Buritama, Estado de S\u00e3o Paulo, USANDO das atribui\u00e7\u00f5es que me s\u00e3o conferidas por lei;&#039;","dataAtualizacao":"2026-01-16 15:34:32","dataInicioVigencia":null,"dataFimVigencia":null,"data":"2025-12-30","numero":141,"categoria":"Portaria","situacao":"Em vigor","descricao":""},{"ementa":"&quot;Disp\u00f5e sobre a concess\u00e3o de Abono Natalino aos servidores do quadro de pessoal da C\u00e2mara Municipal de Planalto, e d\u00e1 outras provid\u00eancias.&quot;","dataAtualizacao":"2026-01-16 15:13:29","dataInicioVigencia":null,"dataFimVigencia":null,"data":"2025-12-23","numero":52,"categoria":"Lei Ordin\u00e1ria","situacao":"Em vigor","descricao":""},{"ementa":"&quot;Disp\u00f5e sobre a concess\u00e3o de abono natalino no ano de 2025 aos servidores p\u00fablicos ativos (efetivos e comissionados) e membros da frente de trabalho do Munic\u00edpio de Planalto.&quot;","dataAtualizacao":"2026-01-16 15:12:40","dataInicioVigencia":null,"dataFimVigencia":null,"data":"2025-12-23","numero":51,"categoria":"Lei Ordin\u00e1ria","situacao":"Em vigor","descricao":""},{"ementa":"&quot;Disp\u00f5e sobre a institui\u00e7\u00e3o do &quot;PROGRAMA BOLSA TRABALHO PLANALTO&quot;, programa socioassistencial de aux\u00edlio aos desempregados do Munic\u00edpio de Planalto e d\u00e1 outras provid\u00eancias.&quot;","dataAtualizacao":"2026-03-20 08:41:45","dataInicioVigencia":null,"dataFimVigencia":null,"data":"2025-12-10","numero":48,"categoria":"Lei Ordin\u00e1ria","situacao":"Regulamentada","descricao":""},{"ementa":"&quot;DISP\u00d5E SOBRE A ALTERA\u00c7\u00c3O DA LEI COMPLEMENTAR MUNICIPAL N 006\/2019, PARA INSTITUIR AS FALTAS &quot;ABONADAS SA\u00daDE&quot; e d\u00e1 outras provid\u00eancias.&quot;","dataAtualizacao":"2026-01-16 16:13:42","dataInicioVigencia":null,"dataFimVigencia":null,"data":"2025-12-10","numero":9,"categoria":"Lei Complementar","situacao":"Em vigor","descricao":""},{"ementa":"Disp\u00f5e sobre a cria\u00e7\u00e3o do abono de faltas a todo servidor da prefeitura municipal de Planalto, a cria\u00e7\u00e3o da jornada reduzida e d\u00e1 outras provid\u00eancias.","dataAtualizacao":"2026-01-16 16:14:31","dataInicioVigencia":null,"dataFimVigencia":null,"data":"2019-09-26","numero":6,"categoria":"Lei Complementar","situacao":"Alterada","descricao":null},{"ementa":"Disp\u00f5e sobre o C\u00f3digo Tribut\u00e1rio Municipal","dataAtualizacao":"2026-03-30 15:45:14","dataInicioVigencia":null,"dataFimVigencia":null,"data":"2015-12-10","numero":1,"categoria":"Lei Complementar","situacao":"Regulamentada","descricao":""}]}