{"dados":[{"titulo":"Contrata\u00e7\u00e3o de 01 (um) profissional cirurgi\u00e3o dentista, inscrito no conselho da categoria, para presta\u00e7\u00e3o de 20horas semanais, em dias e hor\u00e1rios a serem definidos pela Secret\u00e1ria de Sa\u00fade","dataAtualizacao":"2026-04-22 11:29:22","dataPostagem":"2026-05-14 08:00:00","dataRealizacao":"2026-04-22 08:00:00","numeroEdital":31,"numeroProcesso":31,"modalidade":"Preg\u00e3o Presencial","situacao":"Aberto","descricao":"<strong>Contrata&ccedil;&atilde;o de 01 (um) profissional cirurgi&atilde;o dentista, inscrito no conselho da categoria, para presta&ccedil;&atilde;o de 20horas semanais, em dias e hor&aacute;rios a serem definidos pela Secret&aacute;ria de Sa&uacute;de.<\/strong><br \/>\r\n&nbsp;"},{"titulo":"Contrata\u00e7\u00e3o em quest\u00e3o refere-se a um profissional m\u00e9dico cl\u00ednico geral para atua\u00e7\u00e3o na aten\u00e7\u00e3o prim\u00e1ria \u00e0 sa\u00fade, no \u00e2mbito da Estrat\u00e9gia Sa\u00fade da Fam\u00edlia. Carga Hor\u00e1ria: 40 (quarenta) horas semanais, distribu\u00eddas de segunda a sexta-feira, com jornada di\u00e1ria de 8 (oito) horas","dataAtualizacao":"2026-04-22 11:35:23","dataPostagem":"2026-05-07 08:00:00","dataRealizacao":"2026-04-22 08:00:00","numeroEdital":32,"numeroProcesso":32,"modalidade":"Preg\u00e3o Presencial","situacao":"Aberto","descricao":"<strong>Contrata&ccedil;&atilde;o em quest&atilde;o refere-se a um profissional m&eacute;dico cl&iacute;nico geral para atua&ccedil;&atilde;o na aten&ccedil;&atilde;o prim&aacute;ria &agrave; sa&uacute;de, no &acirc;mbito da Estrat&eacute;gia Sa&uacute;de da Fam&iacute;lia. Carga Hor&aacute;ria: 40 (quarenta) horas semanais, distribu&iacute;das de segunda a sexta-feira, com jornada di&aacute;ria de 8 (oito) horas<\/strong><br \/>\r\n&nbsp;"},{"titulo":"Servi\u00e7os m\u00e9dicos especializados, visando atender \u00e0s necessidades da rede municipal de sa\u00fade do Munic\u00edpio de Planalto-SP. Os servi\u00e7os abranger\u00e3o as seguintes especialidades: Pediatria: Presta\u00e7\u00e3o de servi\u00e7os m\u00e9dicos na especialidade de Pediatria, com carga hor\u00e1ria de 12 (doze) horas semanais, pelo per\u00edodo de 6 meses. e Ginecologia\/Obstetr\u00edcia: Presta\u00e7\u00e3o de servi\u00e7os m\u00e9dicos na esp","dataAtualizacao":"2026-04-13 08:27:34","dataPostagem":"2026-04-29 14:00:00","dataRealizacao":"2026-04-13 07:30:00","numeroEdital":26,"numeroProcesso":26,"modalidade":"Preg\u00e3o Presencial","situacao":"Aberto","descricao":"<div style=\"text-align: justify;\">Servi&ccedil;os m&eacute;dicos especializados, visando atender &agrave;s necessidades da rede municipal de sa&uacute;de do Munic&iacute;pio de Planalto-SP. Os servi&ccedil;os abranger&atilde;o as seguintes especialidades: <strong>Pediatria:<\/strong> Presta&ccedil;&atilde;o de servi&ccedil;os m&eacute;dicos na especialidade de Pediatria, com carga hor&aacute;ria de <strong>12 (doze) horas semanais, <\/strong>pelo per&iacute;odo de 6 meses. e<strong> Ginecologia\/Obstetr&iacute;cia:<\/strong> Presta&ccedil;&atilde;o de servi&ccedil;os m&eacute;dicos na especialidade de Ginecologia \/ Obstetr&iacute;cia, com a meta de realiza&ccedil;&atilde;o de <strong>32 (trinta e duas) consultas semanais<\/strong>, pelo per&iacute;odo de 12 meses.<\/div>\r\n"},{"titulo":"Contrata\u00e7\u00e3o de empresa especializada para executar obra de PAVIMENTA\u00c7\u00c3O ASF\u00c1LTICA NO MUNICIPIO DE PLANALTO-SP, vinculado a TRANSFERENCIA GOV 947925\/2023.","dataAtualizacao":"2026-04-13 08:22:27","dataPostagem":"2026-04-29 09:10:00","dataRealizacao":"2026-04-13 08:00:00","numeroEdital":30,"numeroProcesso":30,"modalidade":"Concorr\u00eancia Eletr\u00f4nica","situacao":"Aberto","descricao":"Contrata&ccedil;&atilde;o de empresa especializada para executar obra de PAVIMENTA&Ccedil;&Atilde;O ASF&Aacute;LTICA NO MUNICIPIO DE PLANALTO-SP, vinculado a TRANSFERENCIA GOV 947925\/2023."},{"titulo":"Aquisi\u00e7\u00e3o de MATERIAL DE HIGIENE E LIMPEZA, para o exerc\u00edcio de 2026","dataAtualizacao":"2026-04-23 10:13:47","dataPostagem":"2026-04-23 08:00:00","dataRealizacao":"2026-04-06 08:00:00","numeroEdital":29,"numeroProcesso":29,"modalidade":"Preg\u00e3o Presencial","situacao":"Em Julgamento","descricao":"<strong>Aquisi&ccedil;&atilde;o de <a name=\"_Hlk225232257\">MATERIAL DE HIGIENE E LIMPEZA<\/a>, para o exerc&iacute;cio de 2026.<\/strong>"},{"titulo":"Aquisi\u00e7\u00e3o de HORTIFRUTI, para o exerc\u00edcio de 2026,","dataAtualizacao":"2026-04-16 10:22:02","dataPostagem":"2026-04-16 08:00:00","dataRealizacao":"2026-03-30 08:00:00","numeroEdital":21,"numeroProcesso":21,"modalidade":"Preg\u00e3o Presencial","situacao":"Em Julgamento","descricao":"<strong>Aquisi&ccedil;&atilde;o de HORTIFRUTI, para o exerc&iacute;cio de 2026.<\/strong>"},{"titulo":"Aquisi\u00e7\u00e3o de g\u00eaneros aliment\u00edcios da Agricultura Familiar e do Empreendedor Familiar Rural, para o atendimento ao Programa Nacional de Alimenta\u00e7\u00e3o Escolar \u2013 PNAE.","dataAtualizacao":"2026-03-23 08:44:21","dataPostagem":"2026-04-08 09:00:00","dataRealizacao":"2026-03-23 08:00:00","numeroEdital":20,"numeroProcesso":20,"modalidade":"Chamada P\u00fablica","situacao":"Em Julgamento","descricao":"Aquisi&ccedil;&atilde;o de g&ecirc;neros aliment&iacute;cios da Agricultura Familiar e do Empreendedor Familiar Rural, para o atendimento ao Programa Nacional de Alimenta&ccedil;&atilde;o Escolar &ndash; PNAE."},{"titulo":"CONTRATA\u00c7\u00c3O DE EMPRESA ESPECIALIZADA PARA PRESTA\u00c7\u00c3O DE SERVI\u00c7OS DE SEGURO DA FROTA MUNICIPAL DE PLANALTO-SP","dataAtualizacao":"2026-04-06 09:21:14","dataPostagem":"2026-04-06 08:00:00","dataRealizacao":"2026-03-23 08:00:00","numeroEdital":8,"numeroProcesso":8,"modalidade":"Preg\u00e3o Presencial","situacao":"Em Julgamento","descricao":"<a name=\"_Hlk214207087\"><strong>CONTRATA&Ccedil;&Atilde;O DE EMPRESA ESPECIALIZADA PARA PRESTA&Ccedil;&Atilde;O DE SERVI&Ccedil;OS DE SEGURO DA FROTA MUNICIPAL DE PLANALTO-SP<\/strong><\/a>"},{"titulo":"Contrata\u00e7\u00e3o de futura e eventual aquisi\u00e7\u00e3o de CESTAS B\u00c1SICAS, para o exerc\u00edcio de 2026, conforme termo de refer\u00eancia.","dataAtualizacao":"2026-03-26 08:57:00","dataPostagem":"2026-03-26 08:30:00","dataRealizacao":"2026-03-09 08:00:00","numeroEdital":23,"numeroProcesso":23,"modalidade":"Preg\u00e3o Presencial","situacao":"Em Julgamento","descricao":"Contrata&ccedil;&atilde;o de futura e eventual aquisi&ccedil;&atilde;o de CESTAS B&Aacute;SICAS, para o exerc&iacute;cio de 2026, conforme termo de refer&ecirc;ncia."},{"titulo":"Contrata\u00e7\u00e3o de futura e eventual aquisi\u00e7\u00e3o de MATERIAL ODONTOL\u00d3GICO, para o exerc\u00edcio de 2026, conforme termo de refer\u00eancia.","dataAtualizacao":"2026-03-24 09:11:49","dataPostagem":"2026-03-24 08:30:00","dataRealizacao":"2026-03-09 08:00:00","numeroEdital":18,"numeroProcesso":18,"modalidade":"Preg\u00e3o Presencial","situacao":"Em Julgamento","descricao":"Contrata&ccedil;&atilde;o de futura e eventual aquisi&ccedil;&atilde;o de MATERIAL ODONTOL&Oacute;GICO, para o exerc&iacute;cio de 2026, conforme termo de refer&ecirc;ncia."},{"titulo":"Contrata\u00e7\u00e3o de futura e eventual aquisi\u00e7\u00e3o de G\u00c1S GLP P13 e P45, para o exerc\u00edcio de 2026, conforme termo de refer\u00eancia.","dataAtualizacao":"2026-03-19 08:51:07","dataPostagem":"2026-03-19 08:30:00","dataRealizacao":"2026-03-02 08:00:00","numeroEdital":17,"numeroProcesso":17,"modalidade":"Preg\u00e3o Presencial","situacao":"Em Julgamento","descricao":"Contrata&ccedil;&atilde;o de futura e eventual aquisi&ccedil;&atilde;o de G&Aacute;S GLP P13 e P45, para o exerc&iacute;cio de 2026, conforme termo de refer&ecirc;ncia."},{"titulo":"Contrata\u00e7\u00e3o de futura e eventual aquisi\u00e7\u00e3o de G\u00caNERO ALIMENT\u00cdCIO, para o exerc\u00edcio de 2026, conforme termo de refer\u00eancia.","dataAtualizacao":"2026-04-08 08:43:30","dataPostagem":"2026-03-17 08:30:00","dataRealizacao":"2026-03-02 08:00:00","numeroEdital":13,"numeroProcesso":13,"modalidade":"Preg\u00e3o Presencial","situacao":"Em Julgamento","descricao":"Contrata&ccedil;&atilde;o de futura e eventual aquisi&ccedil;&atilde;o de G&Ecirc;NERO ALIMENT&Iacute;CIO, para o exerc&iacute;cio de 2026, conforme termo de refer&ecirc;ncia.<br \/>\r\n&nbsp;"},{"titulo":"Aaquisi\u00e7\u00e3o de MATERIAL DE ENFERMAGEM, para o exerc\u00edcio de 2026","dataAtualizacao":"2026-03-12 09:37:15","dataPostagem":"2026-03-12 08:00:00","dataRealizacao":"2026-02-19 08:00:00","numeroEdital":12,"numeroProcesso":12,"modalidade":"Preg\u00e3o Presencial","situacao":"Em Julgamento","descricao":"<strong>Aquisi&ccedil;&atilde;o de MATERIAL DE ENFERMAGEM, para o exerc&iacute;cio de 2026.<\/strong>"},{"titulo":"Aquisi\u00e7\u00e3o de MEDICAMENTO, para o exerc\u00edcio de 2026","dataAtualizacao":"2026-03-10 16:18:12","dataPostagem":"2026-03-10 08:00:00","dataRealizacao":"2026-02-19 08:00:00","numeroEdital":11,"numeroProcesso":11,"modalidade":"Preg\u00e3o Presencial","situacao":"Em Julgamento","descricao":"<strong>Aquisi&ccedil;&atilde;o de MEDICAMENTO, para o exerc&iacute;cio de 2026<\/strong>"},{"titulo":"Aliena\u00e7\u00e3o de bens m\u00f3veis municipais, considerados inserv\u00edveis e\/ou desnecess\u00e1rios ao servi\u00e7o p\u00fablico municipal, material lenhoso (eucalipto), em lote \u00fanico, com volume estimado de 500m3 (quinhentos metros c\u00fabicos).","dataAtualizacao":"2026-02-02 10:21:33","dataPostagem":"2026-02-26 09:00:00","dataRealizacao":"2026-02-02 08:00:00","numeroEdital":10,"numeroProcesso":10,"modalidade":"Leil\u00e3o - Presencial","situacao":"Em Julgamento","descricao":"<strong>Aliena&ccedil;&atilde;o de bens m&oacute;veis municipais, considerados inserv&iacute;veis e\/ou desnecess&aacute;rios ao servi&ccedil;o p&uacute;blico municipal, <\/strong><strong>material lenhoso (eucalipto), em lote &uacute;nico, com volume estimado de 500m3 (quinhentos metros c&uacute;bicos).<\/strong><br \/>\r\n&nbsp;"},{"titulo":"Procedimento licitat\u00f3rio, visando a futura e eventual contrata\u00e7\u00e3o de estrutura completa para a realiza\u00e7\u00e3o de eventos no munic\u00edpio, incluindo camarins, gerador de energia, palco, tendas, sanit\u00e1rios qu\u00edmicos, transporte intermunicipal e servi\u00e7o de vigil\u00e2ncia desarmada.","dataAtualizacao":"2026-02-09 10:26:57","dataPostagem":"2026-02-09 08:00:00","dataRealizacao":"2026-01-26 08:00:00","numeroEdital":6,"numeroProcesso":6,"modalidade":"Preg\u00e3o Presencial","situacao":"Em Julgamento","descricao":"<div style=\"text-align: justify;\"><strong>Procedimento licitat&oacute;rio, visando a futura e eventual contrata&ccedil;&atilde;o de estrutura completa para a realiza&ccedil;&atilde;o de eventos no munic&iacute;pio, incluindo camarins, gerador de energia, palco, tendas, sanit&aacute;rios qu&iacute;micos, transporte intermunicipal e servi&ccedil;o de vigil&acirc;ncia desarmada.<\/strong><\/div>\r\n"},{"titulo":"Contrata\u00e7\u00e3o de empresa especializada para executar obra de REFORMA DA PRA\u00c7A DA B\u00cdBLIA \u2013 Convenio n\u00ba 100540\/2025, firmado com o Governo do Estado de S\u00e3o Paulo, por interm\u00e9dio da Secretaria de Governan\u00e7a e Rela\u00e7\u00f5es Institucionais \u2013 Subsecretaria de Conv\u00eanios com Munic\u00edpios e Entidades N\u00e3o Governamentais.","dataAtualizacao":"2026-03-05 14:47:39","dataPostagem":"2026-01-28 09:00:00","dataRealizacao":"2026-01-12 08:00:00","numeroEdital":1,"numeroProcesso":1,"modalidade":"Concorr\u00eancia Eletr\u00f4nica","situacao":"Em Julgamento","descricao":"<div style=\"text-align: justify;\">Contrata&ccedil;&atilde;o de empresa especializada para executar obra de REFORMA DA PRA&Ccedil;A DA B&Iacute;BLIA &ndash; Convenio n&ordm; 100540\/2025, firmado com o Governo do Estado de S&atilde;o Paulo, por interm&eacute;dio da Secretaria de Governan&ccedil;a e Rela&ccedil;&otilde;es Institucionais &ndash; Subsecretaria de Conv&ecirc;nios com Munic&iacute;pios e Entidades N&atilde;o Governamentais.<\/div>\r\n"},{"titulo":"Presta\u00e7\u00e3o de servi\u00e7os t\u00e9cnicos especializados de consultoria e assessoria administrativa em compras p\u00fablicas, abrangendo capacita\u00e7\u00e3o continuada dos chefes de setores, acompanhamento das fases interna e externa dos processos licitat\u00f3rios, elabora\u00e7\u00e3o de instrumentos convocat\u00f3rios, acompanhamento de sess\u00f5es p\u00fablicas presenciais e eletr\u00f4nicas, gest\u00e3o da transmiss\u00e3o de informa\u00e7\u00f5es p","dataAtualizacao":"2026-01-14 10:03:51","dataPostagem":"2026-01-26 09:00:00","dataRealizacao":"2026-01-12 08:00:00","numeroEdital":3,"numeroProcesso":3,"modalidade":"Concorr\u00eancia Presencial","situacao":"Em Julgamento","descricao":"<div style=\"text-align: justify;\"><a name=\"_Hlk93584062\">Presta&ccedil;&atilde;o de servi&ccedil;os t&eacute;cnicos especializados de consultoria e assessoria administrativa em compras p&uacute;blicas, abrangendo capacita&ccedil;&atilde;o continuada dos chefes de setores, acompanhamento das fases interna e externa dos processos licitat&oacute;rios, elabora&ccedil;&atilde;o de instrumentos convocat&oacute;rios, acompanhamento de sess&otilde;es p&uacute;blicas presenciais e eletr&ocirc;nicas, gest&atilde;o da transmiss&atilde;o de informa&ccedil;&otilde;es para o sistema AUDESP (Fase IV) e an&aacute;lise de licita&ccedil;&otilde;es (ALICE), com foco na aplica&ccedil;&atilde;o da Lei Federal n&ordm; 14.133\/2021 e demais regulamentos pertinentes.<\/a><\/div>\r\n"},{"titulo":"Aquisi\u00e7\u00e3o de 40 kits de uniforme (camiseta e shorts). E servi\u00e7o, um profissional t\u00e9cnico qualificado respons\u00e1vel por ministrar aulas de \u201cartes marciais\u201d, para duas turmas de aproximadamente 20 alunos, quatro aulas semanais de 50 minutos.","dataAtualizacao":"2026-01-08 12:56:09","dataPostagem":"","dataRealizacao":"2026-01-08 08:00:00","numeroEdital":2,"numeroProcesso":2,"modalidade":"Dispensa de Licita\u00e7\u00e3o","situacao":"Em Julgamento","descricao":"<a name=\"_Hlk216679097\"><strong>Aquisi&ccedil;&atilde;o de 40 kits de uniforme (camiseta e shorts).<\/strong> E servi&ccedil;o, <strong>um profissional t&eacute;cnico qualificado respons&aacute;vel por ministrar aulas de &ldquo;artes marciais&rdquo;, para duas turmas de aproximadamente 20 alunos, quatro aulas semanais de 50 minutos.<\/strong><\/a>"},{"titulo":"Contrata\u00e7\u00e3o de servi\u00e7o especializado para ministrar aulas de artes marciais (como Muay Thai, Boxe e Jiu-Jitsu)","dataAtualizacao":"2026-04-14 14:32:32","dataPostagem":"","dataRealizacao":"2026-04-08 08:00:00","numeroEdital":34,"numeroProcesso":34,"modalidade":"Dispensa de Licita\u00e7\u00e3o","situacao":"Em Julgamento","descricao":"<div style=\"text-align: justify;\"><a name=\"_Hlk216679097\"><\/a><a name=\"_Hlk215474776\"><strong>Contrata&ccedil;&atilde;o de servi&ccedil;o especializado para ministrar aulas de artes marciais (como Muay Thai, Boxe e Jiu-Jitsu), compreendendo quatro encontros semanais de 50 minutos cada. O p&uacute;blico-alvo s&atilde;o duas turmas de at&eacute; 20 participantes, formadas por crian&ccedil;as e adolescentes de 05 a 16 anos, de ambos os sexos, desde que estejam devidamente matriculados na rede municipal ou estadual de ensino de Planalto\/SP. As atividades ocorrer&atilde;o no contraturno escolar, sob a supervis&atilde;o do Setor de Esporte do Munic&iacute;pio, e dever&atilde;o ser conduzidas por um profissional com gradua&ccedil;&atilde;o e experi&ecirc;ncia comprovada na &aacute;rea.<\/strong><\/a><\/div>\r\n"},{"titulo":"Contrata\u00e7\u00e3o de estrutura completa para a realiza\u00e7\u00e3o de evento (Pr\u00e9-Carnaval dias 06\/02 e 07\/02\/2026), no munic\u00edpio de Planalto, incluindo DJ (Locutor e Animador), Palco 12x8, Som 12x8, Ilumina\u00e7\u00e3o, Painel de LED, Sanit\u00e1rio Qu\u00edmico, Vigil\u00e2ncia Desarmada, Gerador de Energia 260 KVA e Tenda 5x5.","dataAtualizacao":"2026-02-04 11:00:26","dataPostagem":"","dataRealizacao":"2026-01-16 16:00:00","numeroEdital":7,"numeroProcesso":7,"modalidade":"Dispensa de Licita\u00e7\u00e3o","situacao":"Em Julgamento","descricao":"<a name=\"_Hlk216679097\"><\/a><a name=\"_Hlk215474776\"><strong>Contrata&ccedil;&atilde;o de estrutura completa para a realiza&ccedil;&atilde;o de evento (Pr&eacute;-Carnaval dias 06\/02 e 07\/02\/2026), no munic&iacute;pio de Planalto, incluindo DJ (Locutor e Animador), Palco 12x8, Som 12x8, Ilumina&ccedil;&atilde;o, Painel de LED, Sanit&aacute;rio Qu&iacute;mico, Vigil&acirc;ncia Desarmada, Gerador de Energia 260 KVA e Tenda 5x5.<\/strong><\/a>"},{"titulo":"Contrata\u00e7\u00e3o de empresa especializada para presta\u00e7\u00e3o de servi\u00e7os t\u00e9cnicos especializados de planejamento, organiza\u00e7\u00e3o e execu\u00e7\u00e3o de PROCESSO SELETIVO SIMPLIFICADO para provimento de vagas do quadro de empregos do Munic\u00edpio de Planalto-SP","dataAtualizacao":"2026-04-08 15:08:08","dataPostagem":"","dataRealizacao":"2026-04-08 07:30:00","numeroEdital":35,"numeroProcesso":35,"modalidade":"Dispensa de Licita\u00e7\u00e3o","situacao":"Em Julgamento","descricao":"<strong>Contrata&ccedil;&atilde;o de empresa&nbsp;especializada para presta&ccedil;&atilde;o de servi&ccedil;os t&eacute;cnicos especializados de planejamento, organiza&ccedil;&atilde;o e execu&ccedil;&atilde;o de&nbsp;PROCESSO SELETIVO SIMPLIFICADO para provimento de vagas do quadro de empregos do Munic&iacute;pio de Planalto-SP.<\/strong>"},{"titulo":"Contrata\u00e7\u00e3o de software do 3\u00ba setor para alimenta\u00e7\u00e3o da presta\u00e7\u00e3o de contas em atendimento a Fase V da Audesp TCESP.","dataAtualizacao":"2026-03-19 16:37:13","dataPostagem":"","dataRealizacao":"2026-03-19 16:30:00","numeroEdital":28,"numeroProcesso":28,"modalidade":"Dispensa de Licita\u00e7\u00e3o","situacao":"Em Julgamento","descricao":"<a name=\"_Hlk215474776\"><strong>Contrata&ccedil;&atilde;o de software do 3&ordm; setor para alimenta&ccedil;&atilde;o da presta&ccedil;&atilde;o de contas em atendimento a Fase V da Audesp TCESP.<\/strong><\/a>"},{"titulo":"Contrata\u00e7\u00e3o de empresa para presta\u00e7\u00e3o de servi\u00e7os  jur\u00eddicos de orienta\u00e7\u00e3o \u00e0 gest\u00e3o governamental  com a\u00e7\u00f5es em gest\u00e3o p\u00fablica, e apoio referente as quest\u00f5es trabalhistas, de modo preventivo e consultivo com emiss\u00e3o de consultasse pareceres jur\u00eddicos  junto no Departamento Municipal de Recursos Humanos bem como apoio e orienta\u00e7\u00e3o para defesas junto ao Tribunal de Contas do Esta","dataAtualizacao":"2026-03-03 16:45:57","dataPostagem":"","dataRealizacao":"2026-03-03 16:40:00","numeroEdital":25,"numeroProcesso":25,"modalidade":"Dispensa de Licita\u00e7\u00e3o","situacao":"Em Julgamento","descricao":"<div style=\"text-align: justify;\"><a name=\"_Hlk216679097\"><\/a><a name=\"_Hlk215474776\"><strong>Contrata&ccedil;&atilde;o de empresa para presta&ccedil;&atilde;o de servi&ccedil;os&nbsp; jur&iacute;dicos de orienta&ccedil;&atilde;o &agrave; gest&atilde;o governamental&nbsp; com a&ccedil;&otilde;es em gest&atilde;o p&uacute;blica, e apoio referente as quest&otilde;es trabalhistas, de modo preventivo e consultivo com emiss&atilde;o de consultasse pareceres jur&iacute;dicos&nbsp; junto no Departamento Municipal de Recursos Humanos bem como apoio e orienta&ccedil;&atilde;o para defesas junto ao Tribunal de Contas do Estado de S&atilde;o Paulo (TCE).<\/strong><\/a><\/div>\r\n"},{"titulo":"Material did\u00e1tico nas \u00e1reas de L\u00edngua Portuguesa (compet\u00eancia leitora) e Matem\u00e1tica (compet\u00eancia matem\u00e1tica) anos iniciais (5\u00ba ano), que proporcione o desenvolvimento das habilidades e compet\u00eancias avaliadas no Sistema de Avalia\u00e7\u00e3o da Educa\u00e7\u00e3o B\u00e1sica (SAEB) \/ Prova Brasil e sistema de avalia\u00e7\u00f5es peri\u00f3dicas, plataforma educacional de diagn\u00f3stico de resultados, com forma\u00e7\u00e3o conti","dataAtualizacao":"2026-03-04 11:42:26","dataPostagem":"","dataRealizacao":"2026-02-26 16:50:00","numeroEdital":22,"numeroProcesso":22,"modalidade":"Dispensa de Licita\u00e7\u00e3o","situacao":"Em Julgamento","descricao":"<div style=\"text-align: justify;\"><strong>Material did&aacute;tico nas &aacute;reas de L&iacute;ngua Portuguesa (compet&ecirc;ncia leitora) e Matem&aacute;tica (compet&ecirc;ncia matem&aacute;tica) anos iniciais (5&ordm; ano), que proporcione o desenvolvimento das habilidades e compet&ecirc;ncias avaliadas no Sistema de Avalia&ccedil;&atilde;o da Educa&ccedil;&atilde;o B&aacute;sica (SAEB) \/ Prova Brasil e sistema de avalia&ccedil;&otilde;es peri&oacute;dicas, plataforma educacional de diagn&oacute;stico de resultados, com forma&ccedil;&atilde;o continuada, plataforma de an&aacute;lise de resultado, forma&ccedil;&atilde;o continuada, plataforma de an&aacute;lise e &nbsp;sistema de avalia&ccedil;&atilde;o.<\/strong><\/div>\r\n"},{"titulo":"Contrata\u00e7\u00e3o de empresa especializada para presta\u00e7\u00e3o de servi\u00e7os t\u00e9cnicos especializados de planejamento, organiza\u00e7\u00e3o e execu\u00e7\u00e3o de PROCESSO SELETIVO de Professores PEB-I e ADI para substitui\u00e7\u00e3o","dataAtualizacao":"2026-01-07 10:05:55","dataPostagem":"","dataRealizacao":"2026-01-05 08:00:00","numeroEdital":5,"numeroProcesso":5,"modalidade":"Dispensa de Licita\u00e7\u00e3o","situacao":"Em Julgamento","descricao":"<strong>Contrata&ccedil;&atilde;o de empresa&nbsp;especializada para presta&ccedil;&atilde;o de servi&ccedil;os t&eacute;cnicos especializados de planejamento, organiza&ccedil;&atilde;o e execu&ccedil;&atilde;o de&nbsp;PROCESSO SELETIVO de Professores PEB-I e ADI para substitui&ccedil;&atilde;o.<\/strong>"},{"titulo":"Contrata\u00e7\u00e3o de empresa especializada para a presta\u00e7\u00e3o de servi\u00e7os de Comunica\u00e7\u00e3o Institucional, com foco no planejamento, execu\u00e7\u00e3o e monitoramento de a\u00e7\u00f5es estrat\u00e9gicas de comunica\u00e7\u00e3o (Marketing Institucional).","dataAtualizacao":"2026-03-02 08:58:32","dataPostagem":"","dataRealizacao":"2026-02-24 17:00:00","numeroEdital":19,"numeroProcesso":19,"modalidade":"Dispensa de Licita\u00e7\u00e3o","situacao":"Em Julgamento","descricao":"<a name=\"_Hlk216679097\"><\/a><a name=\"_Hlk215474776\"><strong>Contrata&ccedil;&atilde;o de empresa especializada para a presta&ccedil;&atilde;o de servi&ccedil;os de Comunica&ccedil;&atilde;o Institucional, com foco no planejamento, execu&ccedil;&atilde;o e monitoramento de a&ccedil;&otilde;es estrat&eacute;gicas de comunica&ccedil;&atilde;o (<strong>Marketing Institucional)<\/strong>.<\/strong><\/a>"},{"titulo":"Professor de Yogaterapia, com carga hor\u00e1ria de 8 (oito) horas semanais, para conduzir atividades com idosos, e Professor de Bal\u00e9, com carga hor\u00e1ria de 8 (oito) horas semanais, para conduzir atividades com crian\u00e7as de 5 \u00e0 11 anos e idosos atendidos pelo Servi\u00e7o de Conviv\u00eancia e Fortalecimento de V\u00ednculos do CRAS.","dataAtualizacao":"2026-02-19 16:13:12","dataPostagem":"","dataRealizacao":"2026-02-09 12:07:00","numeroEdital":15,"numeroProcesso":15,"modalidade":"Dispensa de Licita\u00e7\u00e3o","situacao":"Em Julgamento","descricao":"<strong>Professor de Yogaterapia<\/strong>, com carga hor&aacute;ria de <strong>8 (oito) horas semanais<\/strong>, para conduzir atividades com <strong>crian&ccedil;as de 5 &agrave; 11 anos e idosos<\/strong> atendidos pelo Servi&ccedil;o de Conviv&ecirc;ncia e Fortalecimento de V&iacute;nculos do CRAS."},{"titulo":"Presta\u00e7\u00e3o de servi\u00e7os cont\u00ednuos por profissional especializado em corte e costura, para ministrar oficinas de capacita\u00e7\u00e3o profissional, com carga hor\u00e1ria de 8 (oito) horas di\u00e1rias, de segunda a sexta-feira, totalizando 40 (quarenta) horas semanais, pelo per\u00edodo de 12 (doze) meses.","dataAtualizacao":"2026-02-19 12:05:47","dataPostagem":"","dataRealizacao":"2026-02-09 12:00:00","numeroEdital":16,"numeroProcesso":16,"modalidade":"Dispensa de Licita\u00e7\u00e3o","situacao":"Em Julgamento","descricao":"<strong>Presta&ccedil;&atilde;o de servi&ccedil;os cont&iacute;nuos por profissional especializado em corte e costura, para ministrar oficinas de capacita&ccedil;&atilde;o profissional, com carga hor&aacute;ria de 8 (oito) horas di&aacute;rias, de segunda a sexta-feira, totalizando 40 (quarenta) horas semanais, pelo per&iacute;odo de 12 (doze) meses.<\/strong><br \/>\r\n&nbsp;"},{"titulo":"Contrata\u00e7\u00e3o de empresa especializada para presta\u00e7\u00e3o de servi\u00e7os t\u00e9cnicos especializados de digitaliza\u00e7\u00e3o, indexa\u00e7\u00e3o, reconhecimento de caracteres e assinatura digital, de processos licitat\u00f3rios, quantidade ilimitada, com volume aproximado 15.000 p\u00e1ginas ano.","dataAtualizacao":"2026-02-20 14:58:25","dataPostagem":"","dataRealizacao":"2026-02-09 09:00:00","numeroEdital":14,"numeroProcesso":14,"modalidade":"Dispensa de Licita\u00e7\u00e3o","situacao":"Em Julgamento","descricao":"<strong>Contrata&ccedil;&atilde;o de empresa&nbsp;especializada para presta&ccedil;&atilde;o de servi&ccedil;os t&eacute;cnicos especializados de digitaliza&ccedil;&atilde;o, indexa&ccedil;&atilde;o, reconhecimento de caracteres e assinatura digital, de processos licitat&oacute;rios, quantidade ilimitada, com volume aproximado 15.000 p&aacute;ginas ano.<\/strong><br \/>\r\n&nbsp;"}]}